{"id":574,"date":"2015-02-10T16:35:46","date_gmt":"2015-02-10T15:35:46","guid":{"rendered":"http:\/\/experienceatwork.be\/fr\/erkend-als-best-practice-door-esf\/"},"modified":"2018-07-13T17:05:36","modified_gmt":"2018-07-13T16:05:36","slug":"erkend-als-best-practice-door-esf","status":"publish","type":"post","link":"https:\/\/experienceatwork.be\/fr\/erkend-als-best-practice-door-esf\/","title":{"rendered":"Lors de la conf\u00e9rence de cl\u00f4ture du projet ESF \u00ab\u00a0Career and Age\u00a0\u00bb, E@W est reconnu en tant qu&rsquo;un des best practices"},"content":{"rendered":"","protected":false},"excerpt":{"rendered":"","protected":false},"author":2,"featured_media":0,"comment_status":"closed","ping_status":"closed","sticky":false,"template":"","format":"standard","meta":{"_acf_changed":false,"_exactmetrics_skip_tracking":false,"_exactmetrics_sitenote_active":false,"_exactmetrics_sitenote_note":"","_exactmetrics_sitenote_category":0,"footnotes":""},"categories":[19],"tags":[],"class_list":["post-574","post","type-post","status-publish","format-standard","hentry","category-conferences-et-evenements"],"acf":[],"yoast_head":"<!-- This site is optimized with the Yoast SEO plugin v26.8 - https:\/\/yoast.com\/product\/yoast-seo-wordpress\/ -->\n<title>Lors de la conf\u00e9rence de cl\u00f4ture du projet ESF &quot;Career and Age&quot;, E@W est reconnu en tant qu&#039;un des best practices - Experience@Work<\/title>\n<meta name=\"description\" content=\"Experience@Work est reconnu en tant que best practice par ESF.\" \/>\n<meta name=\"robots\" content=\"index, follow, max-snippet:-1, max-image-preview:large, max-video-preview:-1\" \/>\n<link rel=\"canonical\" href=\"https:\/\/experienceatwork.be\/fr\/erkend-als-best-practice-door-esf\/\" \/>\n<meta property=\"og:locale\" content=\"fr_FR\" \/>\n<meta property=\"og:type\" content=\"article\" \/>\n<meta property=\"og:title\" content=\"Lors de la conf\u00e9rence de cl\u00f4ture du projet ESF &quot;Career and Age&quot;, E@W est reconnu en tant qu&#039;un des best practices - Experience@Work\" \/>\n<meta property=\"og:description\" content=\"Experience@Work est reconnu en tant que best practice par ESF.\" \/>\n<meta property=\"og:url\" content=\"https:\/\/experienceatwork.be\/fr\/erkend-als-best-practice-door-esf\/\" \/>\n<meta property=\"og:site_name\" content=\"Experience@Work\" \/>\n<meta property=\"article:published_time\" content=\"2015-02-10T15:35:46+00:00\" \/>\n<meta property=\"article:modified_time\" content=\"2018-07-13T16:05:36+00:00\" \/>\n<meta name=\"author\" content=\"experienceatwork\" \/>\n<meta name=\"twitter:card\" content=\"summary_large_image\" \/>\n<meta name=\"twitter:label1\" content=\"Written by\" \/>\n\t<meta name=\"twitter:data1\" content=\"experienceatwork\" \/>\n<script type=\"application\/ld+json\" class=\"yoast-schema-graph\">{\"@context\":\"https:\/\/schema.org\",\"@graph\":[{\"@type\":\"Article\",\"@id\":\"https:\/\/experienceatwork.be\/fr\/erkend-als-best-practice-door-esf\/#article\",\"isPartOf\":{\"@id\":\"https:\/\/experienceatwork.be\/fr\/erkend-als-best-practice-door-esf\/\"},\"author\":{\"name\":\"experienceatwork\",\"@id\":\"https:\/\/experienceatwork.be\/#\/schema\/person\/30b1f2dc8d0efb5b96b1be0d91622f48\"},\"headline\":\"Lors de la conf\u00e9rence de cl\u00f4ture du projet ESF \u00ab\u00a0Career and Age\u00a0\u00bb, E@W est reconnu en tant qu&rsquo;un des best practices\",\"datePublished\":\"2015-02-10T15:35:46+00:00\",\"dateModified\":\"2018-07-13T16:05:36+00:00\",\"mainEntityOfPage\":{\"@id\":\"https:\/\/experienceatwork.be\/fr\/erkend-als-best-practice-door-esf\/\"},\"wordCount\":25,\"articleSection\":[\"Conf\u00e9rences et \u00e9v\u00e8nements\"],\"inLanguage\":\"fr-FR\"},{\"@type\":\"WebPage\",\"@id\":\"https:\/\/experienceatwork.be\/fr\/erkend-als-best-practice-door-esf\/\",\"url\":\"https:\/\/experienceatwork.be\/fr\/erkend-als-best-practice-door-esf\/\",\"name\":\"Lors de la conf\u00e9rence de cl\u00f4ture du projet ESF \\\"Career and Age\\\", E@W est reconnu en tant qu'un des best practices - Experience@Work\",\"isPartOf\":{\"@id\":\"https:\/\/experienceatwork.be\/#website\"},\"datePublished\":\"2015-02-10T15:35:46+00:00\",\"dateModified\":\"2018-07-13T16:05:36+00:00\",\"author\":{\"@id\":\"https:\/\/experienceatwork.be\/#\/schema\/person\/30b1f2dc8d0efb5b96b1be0d91622f48\"},\"description\":\"Experience@Work est reconnu en tant que best practice par ESF.\",\"breadcrumb\":{\"@id\":\"https:\/\/experienceatwork.be\/fr\/erkend-als-best-practice-door-esf\/#breadcrumb\"},\"inLanguage\":\"fr-FR\",\"potentialAction\":[{\"@type\":\"ReadAction\",\"target\":[\"https:\/\/experienceatwork.be\/fr\/erkend-als-best-practice-door-esf\/\"]}]},{\"@type\":\"BreadcrumbList\",\"@id\":\"https:\/\/experienceatwork.be\/fr\/erkend-als-best-practice-door-esf\/#breadcrumb\",\"itemListElement\":[{\"@type\":\"ListItem\",\"position\":1,\"name\":\"Home\",\"item\":\"https:\/\/experienceatwork.be\/fr\/\"},{\"@type\":\"ListItem\",\"position\":2,\"name\":\"Lors de la conf\u00e9rence de cl\u00f4ture du projet ESF \u00ab\u00a0Career and Age\u00a0\u00bb, E@W est reconnu en tant qu&rsquo;un des best practices\"}]},{\"@type\":\"WebSite\",\"@id\":\"https:\/\/experienceatwork.be\/#website\",\"url\":\"https:\/\/experienceatwork.be\/\",\"name\":\"Experience@Work\",\"description\":\"\",\"potentialAction\":[{\"@type\":\"SearchAction\",\"target\":{\"@type\":\"EntryPoint\",\"urlTemplate\":\"https:\/\/experienceatwork.be\/?s={search_term_string}\"},\"query-input\":{\"@type\":\"PropertyValueSpecification\",\"valueRequired\":true,\"valueName\":\"search_term_string\"}}],\"inLanguage\":\"fr-FR\"},{\"@type\":\"Person\",\"@id\":\"https:\/\/experienceatwork.be\/#\/schema\/person\/30b1f2dc8d0efb5b96b1be0d91622f48\",\"name\":\"experienceatwork\",\"image\":{\"@type\":\"ImageObject\",\"inLanguage\":\"fr-FR\",\"@id\":\"https:\/\/experienceatwork.be\/#\/schema\/person\/image\/\",\"url\":\"https:\/\/secure.gravatar.com\/avatar\/431067d2acdf59996a21c22d334f6a682d88d6088e400f105773893a6a6761af?s=96&d=mm&r=g\",\"contentUrl\":\"https:\/\/secure.gravatar.com\/avatar\/431067d2acdf59996a21c22d334f6a682d88d6088e400f105773893a6a6761af?s=96&d=mm&r=g\",\"caption\":\"experienceatwork\"},\"url\":\"https:\/\/experienceatwork.be\/fr\/author\/experienceatwork\/\"}]}<\/script>\n<!-- \/ Yoast SEO plugin. -->","yoast_head_json":{"title":"Lors de la conf\u00e9rence de cl\u00f4ture du projet ESF \"Career and Age\", E@W est reconnu en tant qu'un des best practices - Experience@Work","description":"Experience@Work est reconnu en tant que best practice par ESF.","robots":{"index":"index","follow":"follow","max-snippet":"max-snippet:-1","max-image-preview":"max-image-preview:large","max-video-preview":"max-video-preview:-1"},"canonical":"https:\/\/experienceatwork.be\/fr\/erkend-als-best-practice-door-esf\/","og_locale":"fr_FR","og_type":"article","og_title":"Lors de la conf\u00e9rence de cl\u00f4ture du projet ESF \"Career and Age\", E@W est reconnu en tant qu'un des best practices - Experience@Work","og_description":"Experience@Work est reconnu en tant que best practice par ESF.","og_url":"https:\/\/experienceatwork.be\/fr\/erkend-als-best-practice-door-esf\/","og_site_name":"Experience@Work","article_published_time":"2015-02-10T15:35:46+00:00","article_modified_time":"2018-07-13T16:05:36+00:00","author":"experienceatwork","twitter_card":"summary_large_image","twitter_misc":{"Written by":"experienceatwork"},"schema":{"@context":"https:\/\/schema.org","@graph":[{"@type":"Article","@id":"https:\/\/experienceatwork.be\/fr\/erkend-als-best-practice-door-esf\/#article","isPartOf":{"@id":"https:\/\/experienceatwork.be\/fr\/erkend-als-best-practice-door-esf\/"},"author":{"name":"experienceatwork","@id":"https:\/\/experienceatwork.be\/#\/schema\/person\/30b1f2dc8d0efb5b96b1be0d91622f48"},"headline":"Lors de la conf\u00e9rence de cl\u00f4ture du projet ESF \u00ab\u00a0Career and Age\u00a0\u00bb, E@W est reconnu en tant qu&rsquo;un des best practices","datePublished":"2015-02-10T15:35:46+00:00","dateModified":"2018-07-13T16:05:36+00:00","mainEntityOfPage":{"@id":"https:\/\/experienceatwork.be\/fr\/erkend-als-best-practice-door-esf\/"},"wordCount":25,"articleSection":["Conf\u00e9rences et \u00e9v\u00e8nements"],"inLanguage":"fr-FR"},{"@type":"WebPage","@id":"https:\/\/experienceatwork.be\/fr\/erkend-als-best-practice-door-esf\/","url":"https:\/\/experienceatwork.be\/fr\/erkend-als-best-practice-door-esf\/","name":"Lors de la conf\u00e9rence de cl\u00f4ture du projet ESF \"Career and Age\", E@W est reconnu en tant qu'un des best practices - Experience@Work","isPartOf":{"@id":"https:\/\/experienceatwork.be\/#website"},"datePublished":"2015-02-10T15:35:46+00:00","dateModified":"2018-07-13T16:05:36+00:00","author":{"@id":"https:\/\/experienceatwork.be\/#\/schema\/person\/30b1f2dc8d0efb5b96b1be0d91622f48"},"description":"Experience@Work est reconnu en tant que best practice par ESF.","breadcrumb":{"@id":"https:\/\/experienceatwork.be\/fr\/erkend-als-best-practice-door-esf\/#breadcrumb"},"inLanguage":"fr-FR","potentialAction":[{"@type":"ReadAction","target":["https:\/\/experienceatwork.be\/fr\/erkend-als-best-practice-door-esf\/"]}]},{"@type":"BreadcrumbList","@id":"https:\/\/experienceatwork.be\/fr\/erkend-als-best-practice-door-esf\/#breadcrumb","itemListElement":[{"@type":"ListItem","position":1,"name":"Home","item":"https:\/\/experienceatwork.be\/fr\/"},{"@type":"ListItem","position":2,"name":"Lors de la conf\u00e9rence de cl\u00f4ture du projet ESF \u00ab\u00a0Career and Age\u00a0\u00bb, E@W est reconnu en tant qu&rsquo;un des best practices"}]},{"@type":"WebSite","@id":"https:\/\/experienceatwork.be\/#website","url":"https:\/\/experienceatwork.be\/","name":"Experience@Work","description":"","potentialAction":[{"@type":"SearchAction","target":{"@type":"EntryPoint","urlTemplate":"https:\/\/experienceatwork.be\/?s={search_term_string}"},"query-input":{"@type":"PropertyValueSpecification","valueRequired":true,"valueName":"search_term_string"}}],"inLanguage":"fr-FR"},{"@type":"Person","@id":"https:\/\/experienceatwork.be\/#\/schema\/person\/30b1f2dc8d0efb5b96b1be0d91622f48","name":"experienceatwork","image":{"@type":"ImageObject","inLanguage":"fr-FR","@id":"https:\/\/experienceatwork.be\/#\/schema\/person\/image\/","url":"https:\/\/secure.gravatar.com\/avatar\/431067d2acdf59996a21c22d334f6a682d88d6088e400f105773893a6a6761af?s=96&d=mm&r=g","contentUrl":"https:\/\/secure.gravatar.com\/avatar\/431067d2acdf59996a21c22d334f6a682d88d6088e400f105773893a6a6761af?s=96&d=mm&r=g","caption":"experienceatwork"},"url":"https:\/\/experienceatwork.be\/fr\/author\/experienceatwork\/"}]}},"_links":{"self":[{"href":"https:\/\/experienceatwork.be\/fr\/wp-json\/wp\/v2\/posts\/574","targetHints":{"allow":["GET"]}}],"collection":[{"href":"https:\/\/experienceatwork.be\/fr\/wp-json\/wp\/v2\/posts"}],"about":[{"href":"https:\/\/experienceatwork.be\/fr\/wp-json\/wp\/v2\/types\/post"}],"author":[{"embeddable":true,"href":"https:\/\/experienceatwork.be\/fr\/wp-json\/wp\/v2\/users\/2"}],"replies":[{"embeddable":true,"href":"https:\/\/experienceatwork.be\/fr\/wp-json\/wp\/v2\/comments?post=574"}],"version-history":[{"count":5,"href":"https:\/\/experienceatwork.be\/fr\/wp-json\/wp\/v2\/posts\/574\/revisions"}],"predecessor-version":[{"id":654,"href":"https:\/\/experienceatwork.be\/fr\/wp-json\/wp\/v2\/posts\/574\/revisions\/654"}],"wp:attachment":[{"href":"https:\/\/experienceatwork.be\/fr\/wp-json\/wp\/v2\/media?parent=574"}],"wp:term":[{"taxonomy":"category","embeddable":true,"href":"https:\/\/experienceatwork.be\/fr\/wp-json\/wp\/v2\/categories?post=574"},{"taxonomy":"post_tag","embeddable":true,"href":"https:\/\/experienceatwork.be\/fr\/wp-json\/wp\/v2\/tags?post=574"}],"curies":[{"name":"wp","href":"https:\/\/api.w.org\/{rel}","templated":true}]}}